{"id":60,"date":"2018-01-11T10:46:36","date_gmt":"2018-01-11T08:46:36","guid":{"rendered":"http:\/\/canjoan.com\/?p=60"},"modified":"2025-02-11T12:24:19","modified_gmt":"2025-02-11T10:24:19","slug":"carta-can-joan","status":"publish","type":"post","link":"https:\/\/canjoan.com\/ca\/carta-can-joan\/","title":{"rendered":"Carta Can Joan"},"content":{"rendered":"<p><\/p>\n<h2 style=\"text-align: center;\"><span style=\"color: #ff9900;\">Men\u00fa per a grups &#8211; PER ENC\u00c0RREC, BAUTISMES, ANIVERSARIS&#8230;<\/span><\/h2>\n<p>La nostra cuina \u00e9s casolana, la de l&#8217;\u00e0via, feta de forma tradicional. A la carta els oferim: &#8220;Entrants de Can Joan&#8221;, amanides i productes de l&#8217;hort en general, carns a la brasa o al forn, guisats i guisats de l&#8217;Empord\u00e0, els nostres arrossos &#8220;mar i muntanya&#8221; o de llam\u00e0ntol, zarzuela&#8230;<\/p>\n<p>Tots els nostres postres s\u00f3n d&#8217;elaboraci\u00f3 pr\u00f2pia. Podeu trobar: mousse de xocolata, crema catalana, tiramis\u00fa, etc.<\/p>\n<p><a href=\"https:\/\/canjoan.com\/wp-content\/uploads\/2025\/02\/CARTA-ESP-CAT_25_joan.pdf\" target=\"_blank\" rel=\"noopener noreferrer\">VEURE LA CARTA EN CASTELL\u00c0 I CATAL\u00c0<\/a><\/p>\n<p><a href=\"https:\/\/canjoan.com\/wp-content\/uploads\/2025\/02\/IDIOMES_25_A4.pdf\" target=\"_blank\" rel=\"noopener noreferrer\">VEURE LA CARTA EN ALTRES IDIOMES<\/a><\/p>\n<p>&nbsp;<\/p>\n<h3>DE LES NOSTRES LLOTGES&#8230;PEIX I MARISC..<\/h3>\n<p>PALAM\u00d3S, ROSES I BLANES<\/p>\n<table style=\"width: 100%;\" cellspacing=\"8\" cellpadding=\"8\">\n<tbody>\n<tr>\n<th style=\"width: 50%;\">Plat<\/th>\n<th>Preu (\u20ac)<\/th>\n<\/tr>\n<tr>\n<td>Xipirons Andalusa<\/td>\n<td>16.50<\/td>\n<\/tr>\n<tr>\n<td>Llam\u00e0ntol a la Brasa<\/td>\n<td>33.00<\/td>\n<\/tr>\n<tr>\n<td>Rap a la Brasa<\/td>\n<td>22.00<\/td>\n<\/tr>\n<tr>\n<td>Pop Roquer a la Brasa<\/td>\n<td>19.50<\/td>\n<\/tr>\n<tr>\n<td>Broqueta de Gambes<\/td>\n<td>22.00<\/td>\n<\/tr>\n<tr>\n<td>Escamarlans Oberts<\/td>\n<td>22.00<\/td>\n<\/tr>\n<tr>\n<td>T\u00e0rtar de Gambes de la Costa<\/td>\n<td>22.00<\/td>\n<\/tr>\n<tr>\n<td>Saltejat de Carxofes amb Cansalada Duroc<\/td>\n<td>16.50<\/td>\n<\/tr>\n<tr>\n<td>Cal\u00e7ots<\/td>\n<td>12.50<\/td>\n<\/tr>\n<tr>\n<td>Coulant de Patata Confitada amb Rostit de Carn de Perol i Ou de Pag\u00e8s Trufat<\/td>\n<td>16.50<\/td>\n<\/tr>\n<tr>\n<td>T\u00e0rtar de Vedella (Filet) Girona<\/td>\n<td>18.50<\/td>\n<\/tr>\n<tr>\n<td>Xup Xup de Pollastre de Pag\u00e8s amb Llobregant<\/td>\n<td>44.00<\/td>\n<\/tr>\n<\/tbody>\n<\/table>\n<p><\/p>","protected":false},"excerpt":{"rendered":"<p>NUESTRA CARTA<\/p>\n","protected":false},"author":2,"featured_media":492,"comment_status":"closed","ping_status":"closed","sticky":false,"template":"","format":"standard","meta":{"footnotes":""},"categories":[1],"tags":[],"class_list":["post-60","post","type-post","status-publish","format-standard","has-post-thumbnail","hentry","category-menus-y-eventos"],"_links":{"self":[{"href":"https:\/\/canjoan.com\/ca\/wp-json\/wp\/v2\/posts\/60"}],"collection":[{"href":"https:\/\/canjoan.com\/ca\/wp-json\/wp\/v2\/posts"}],"about":[{"href":"https:\/\/canjoan.com\/ca\/wp-json\/wp\/v2\/types\/post"}],"author":[{"embeddable":true,"href":"https:\/\/canjoan.com\/ca\/wp-json\/wp\/v2\/users\/2"}],"replies":[{"embeddable":true,"href":"https:\/\/canjoan.com\/ca\/wp-json\/wp\/v2\/comments?post=60"}],"version-history":[{"count":19,"href":"https:\/\/canjoan.com\/ca\/wp-json\/wp\/v2\/posts\/60\/revisions"}],"predecessor-version":[{"id":633,"href":"https:\/\/canjoan.com\/ca\/wp-json\/wp\/v2\/posts\/60\/revisions\/633"}],"wp:featuredmedia":[{"embeddable":true,"href":"https:\/\/canjoan.com\/ca\/wp-json\/wp\/v2\/media\/492"}],"wp:attachment":[{"href":"https:\/\/canjoan.com\/ca\/wp-json\/wp\/v2\/media?parent=60"}],"wp:term":[{"taxonomy":"category","embeddable":true,"href":"https:\/\/canjoan.com\/ca\/wp-json\/wp\/v2\/categories?post=60"},{"taxonomy":"post_tag","embeddable":true,"href":"https:\/\/canjoan.com\/ca\/wp-json\/wp\/v2\/tags?post=60"}],"curies":[{"name":"wp","href":"https:\/\/api.w.org\/{rel}","templated":true}]}}